{"id":499,"date":"2023-04-24T06:22:50","date_gmt":"2023-04-24T06:22:50","guid":{"rendered":"http:\/\/fairhospitality.coop\/index.php\/2023\/04\/24\/les-problemes-avec-airbnb-persistent-a-anvers\/"},"modified":"2023-04-24T09:06:49","modified_gmt":"2023-04-24T09:06:49","slug":"les-problemes-avec-airbnb-persistent-a-anvers","status":"publish","type":"post","link":"https:\/\/fairhospitality.coop\/fr\/les-problemes-avec-airbnb-persistent-a-anvers\/","title":{"rendered":"Les probl\u00e8mes avec AIRBNB persistent \u00e0 Anvers"},"content":{"rendered":"<div class=\"wp-block-image\">\n<figure class=\"alignleft size-full is-resized\"><img loading=\"lazy\" decoding=\"async\" src=\"http:\/\/fairhospitality.coop\/wp-content\/uploads\/2023\/04\/GVA-AIRBNB-2023-04-23.webp\" alt=\"Les probl&#xE8;mes avec Airbnb persistent &#xE0; Anvers\" class=\"wp-image-490\" width=\"434\" height=\"289\" srcset=\"https:\/\/fairhospitality.coop\/wp-content\/uploads\/2023\/04\/GVA-AIRBNB-2023-04-23.webp 960w, https:\/\/fairhospitality.coop\/wp-content\/uploads\/2023\/04\/GVA-AIRBNB-2023-04-23-300x200.webp 300w, https:\/\/fairhospitality.coop\/wp-content\/uploads\/2023\/04\/GVA-AIRBNB-2023-04-23-768x512.webp 768w, https:\/\/fairhospitality.coop\/wp-content\/uploads\/2023\/04\/GVA-AIRBNB-2023-04-23-105x70.webp 105w\" sizes=\"auto, (max-width: 434px) 100vw, 434px\" \/><\/figure>\n<\/div>\n<p>Le 23 avril, un <a href=\"https:\/\/www.gva.be\/cnt\/dmf20230423_96381747\">article<\/a> est paru <a href=\"https:\/\/www.gva.be\/cnt\/dmf20230423_96381747\">dans la Gazet Van Antwerpen<\/a> au sujet de directeurs d&rsquo;h\u00f4tels m\u00e9contents. Ils pensent qu&rsquo;il y a trop de chambres Airbnb \u00e0 louer et que, dans un (grand) nombre de cas, elles ne sont m\u00eame pas l\u00e9gales. Les probl\u00e8mes li\u00e9s \u00e0 Airbnb persistent \u00e0 Anvers<\/p>\n\n<p>Selon l&rsquo;article, le nombre de logements est pass\u00e9 de 1494 en 2017 \u00e0 1942 aujourd&rsquo;hui. Une augmentation de 30 %. En consultant <a href=\"https:\/\/www.airdna.co\/vacation-rental-data\/app\/be\/default\/antwerp\/overview\" target=\"_blank\" rel=\"noreferrer noopener\">AIRDNA.CO<\/a>, nous constatons qu&rsquo;il y a aujourd&rsquo;hui 1774 logements locatifs actifs dans le centre-ville d&rsquo;Anvers, contre 2156 dans l&rsquo;ensemble de la ville d&rsquo;Anvers.  <\/p>\n\n<p>L&rsquo;article souligne \u00e0 juste titre les diff\u00e9rents Airbnb qui ne sont pas l\u00e9gaux. Ils ne sont pas enregistr\u00e9s aupr\u00e8s de Tourisme Flandre et ne disposent donc probablement pas d&rsquo;une protection ad\u00e9quate contre les incendies, ce qui repr\u00e9sente un danger pour les touristes.  <\/p>\n\n<p>Elle indique \u00e9galement, \u00e0 juste titre, que de nombreux propri\u00e9taires louent plusieurs biens. Cela pourrait \u00eatre mauvais pour le secteur de l&rsquo;h\u00f4tellerie. Mais c&rsquo;est certainement une mauvaise nouvelle pour les nombreuses personnes \u00e0 la recherche d&rsquo;un logement. Il s&rsquo;agit de ce que l&rsquo;on appelle la \u00ab\u00a0<a href=\"https:\/\/nl.wikipedia.org\/wiki\/Gentrificatie\">gentrification<\/a>\u00ab\u00a0, c&rsquo;est-\u00e0-dire le fait que les habitants d&rsquo;origine sont chass\u00e9s de leur quartier par des biens immobiliers de plus en plus chers. Le tourisme en est l&rsquo;une des raisons.  <\/p>\n\n<p>Nous suivons le secteur h\u00f4telier dans les deux cas. Avec la plateforme Fairbnb.coop, nous essayons donc de r\u00e9soudre ces deux probl\u00e8mes. <a href=\"http:\/\/fairhospitality.coop\/fr\/index.php\/charte-daccueil\/\">Notre charte<\/a> \u00e9num\u00e8re ces deux points en premier :  <\/p>\n\n<ol class=\"wp-block-list\">\n<li>Enti\u00e8rement conforme \u00e0 la l\u00e9gislation existante aux niveaux local, r\u00e9gional et national.  <\/li>\n\n\n\n<li>Notre r\u00e8gle \u00ab\u00a0un h\u00f4te, une maison\u00a0\u00bb selon laquelle, en particulier dans les villes, nous n&rsquo;autorisons qu&rsquo;une seule maison.  <\/li>\n<\/ol>\n\n<p>Nous avons r\u00e9guli\u00e8rement d\u00fb refuser des logements parce qu&rsquo;ils ne respectaient pas les r\u00e8gles susmentionn\u00e9es, en particulier la premi\u00e8re r\u00e8gle !<\/p>\n\n<h4 class=\"wp-block-heading\">Vision \u00e0 long terme ?<\/h4>\n\n<p>Il convient toutefois de noter que le nombre de chambres d&rsquo;h\u00f4tel a augment\u00e9 encore plus rapidement que le nombre d&rsquo;Airbnb au cours de la m\u00eame p\u00e9riode, soit de 50 % ! Nous sommes donc pr\u00e9occup\u00e9s par l&rsquo;habitabilit\u00e9 g\u00e9n\u00e9rale et l&rsquo;absence d&rsquo;une vision touristique solide \u00e0 Anvers. Le minist\u00e8re du Tourisme de Flandre et la ministre Zuhal Demir ont pr\u00e9sent\u00e9 leur vision \u00e0 long terme,<a href=\"https:\/\/www.reizennaarmorgen.be\/\" target=\"_blank\" rel=\"noreferrer noopener\">intitul\u00e9e \u00ab\u00a0Travel to Tomorrow<\/a>\u00a0\u00bb (<a href=\"https:\/\/www.reizennaarmorgen.be\/\" target=\"_blank\" rel=\"noreferrer noopener\">Voyager vers demain<\/a>). Une vision du tourisme durable et r\u00e9g\u00e9n\u00e9rateur. Peut-\u00eatre le ministre Demir et l&rsquo;\u00e9chevin Kennis, tous deux membres de l&rsquo;ANV, devraient-ils se parler ?<\/p>\n","protected":false},"excerpt":{"rendered":"<p>Le 23 avril, un article est paru dans la Gazet Van Antwerpen au sujet de directeurs d&rsquo;h\u00f4tels m\u00e9contents. Ils pensent qu&rsquo;il y a trop de chambres Airbnb \u00e0 louer. Fairbnb fournit davantage d&rsquo;interpr\u00e9tations.  <\/p>\n","protected":false},"author":1,"featured_media":492,"comment_status":"open","ping_status":"open","sticky":false,"template":"","format":"standard","meta":{"footnotes":""},"categories":[13],"tags":[],"class_list":["post-499","post","type-post","status-publish","format-standard","has-post-thumbnail","hentry","category-non-classifiee"],"_links":{"self":[{"href":"https:\/\/fairhospitality.coop\/fr\/wp-json\/wp\/v2\/posts\/499","targetHints":{"allow":["GET"]}}],"collection":[{"href":"https:\/\/fairhospitality.coop\/fr\/wp-json\/wp\/v2\/posts"}],"about":[{"href":"https:\/\/fairhospitality.coop\/fr\/wp-json\/wp\/v2\/types\/post"}],"author":[{"embeddable":true,"href":"https:\/\/fairhospitality.coop\/fr\/wp-json\/wp\/v2\/users\/1"}],"replies":[{"embeddable":true,"href":"https:\/\/fairhospitality.coop\/fr\/wp-json\/wp\/v2\/comments?post=499"}],"version-history":[{"count":5,"href":"https:\/\/fairhospitality.coop\/fr\/wp-json\/wp\/v2\/posts\/499\/revisions"}],"predecessor-version":[{"id":516,"href":"https:\/\/fairhospitality.coop\/fr\/wp-json\/wp\/v2\/posts\/499\/revisions\/516"}],"wp:featuredmedia":[{"embeddable":true,"href":"https:\/\/fairhospitality.coop\/fr\/wp-json\/wp\/v2\/media\/492"}],"wp:attachment":[{"href":"https:\/\/fairhospitality.coop\/fr\/wp-json\/wp\/v2\/media?parent=499"}],"wp:term":[{"taxonomy":"category","embeddable":true,"href":"https:\/\/fairhospitality.coop\/fr\/wp-json\/wp\/v2\/categories?post=499"},{"taxonomy":"post_tag","embeddable":true,"href":"https:\/\/fairhospitality.coop\/fr\/wp-json\/wp\/v2\/tags?post=499"}],"curies":[{"name":"wp","href":"https:\/\/api.w.org\/{rel}","templated":true}]}}